{"id":10660,"date":"2021-11-13T12:00:00","date_gmt":"2021-11-13T10:00:00","guid":{"rendered":"http:\/\/www.lauftria-hsvmelk.at\/?p=10660"},"modified":"2022-02-28T17:48:36","modified_gmt":"2022-02-28T15:48:36","slug":"vereinsausflug-oetschergraeben-lauf","status":"publish","type":"post","link":"https:\/\/www.lauftria-hsvmelk.at\/?p=10660","title":{"rendered":"\u00d6tschergr\u00e4ben-Lauf (Vereinsausflug)"},"content":{"rendered":"\n<p>Auch heuer trafen sich wieder einige L\u00e4ufer vom HSV Melk zum allj\u00e4hrlichen vereinsinternen \u00d6tschergr\u00e4benlauf (18,2 km, 600 hm). Fr\u00fch morgens um 7:30 h starteten Thomas Gastecker, Stefan Schweiger und Herbert Sandwieser von Erlaufboden. Zuerst ging es einige hundert H\u00f6henmeter auf den &#8222;B\u00e4rengang&#8220;, weiter auf Forstwegen mit herrlichem Blick auf die S\u00fcdseite des \u00d6tschers und abschlie\u00dfend die \u00d6tschergr\u00e4ben zur\u00fcck nach Erlaufboden. Die von Stefan Schweiger mit der 360\u00b0-Kamera gefilmten Teilabschnitte zeigen die traumhafte Kulisse auf dieser tollen Lauf- und Wanderstrecke.<\/p>\n\n\n\n<figure class=\"wp-block-video\"><video height=\"352\" style=\"aspect-ratio: 640 \/ 352;\" width=\"640\" controls src=\"https:\/\/www.lauftria-hsvmelk.at\/wp-content\/uploads\/2021\/11\/VID-20211114-WA0003.mp4\"><\/video><\/figure>\n\n\n\n<figure class=\"wp-block-video\"><video height=\"352\" style=\"aspect-ratio: 640 \/ 352;\" width=\"640\" controls src=\"https:\/\/www.lauftria-hsvmelk.at\/wp-content\/uploads\/2021\/11\/VID-20211114-WA0005.mp4\"><\/video><\/figure>\n\n\n\n<figure class=\"wp-block-video\"><video height=\"352\" style=\"aspect-ratio: 640 \/ 352;\" width=\"640\" controls src=\"https:\/\/www.lauftria-hsvmelk.at\/wp-content\/uploads\/2021\/11\/VID-20211114-WA0006.mp4\"><\/video><\/figure>\n\n\n\n<figure class=\"wp-block-gallery has-nested-images columns-3 is-cropped wp-block-gallery-1 is-layout-flex wp-block-gallery-is-layout-flex\">\n<figure class=\"wp-block-image size-large is-style-default\"><a href=\"https:\/\/www.lauftria-hsvmelk.at\/wp-content\/uploads\/2021\/11\/HSV-Melk_Foto1_Oetschergraeben-Lauf_14Nov2021.jpeg\"><img loading=\"lazy\" decoding=\"async\" width=\"683\" height=\"1024\" data-id=\"10675\" src=\"https:\/\/www.lauftria-hsvmelk.at\/wp-content\/uploads\/2021\/11\/HSV-Melk_Foto1_Oetschergraeben-Lauf_14Nov2021-683x1024.jpeg\" alt=\"\" class=\"wp-image-10675\" srcset=\"https:\/\/www.lauftria-hsvmelk.at\/wp-content\/uploads\/2021\/11\/HSV-Melk_Foto1_Oetschergraeben-Lauf_14Nov2021-683x1024.jpeg 683w, https:\/\/www.lauftria-hsvmelk.at\/wp-content\/uploads\/2021\/11\/HSV-Melk_Foto1_Oetschergraeben-Lauf_14Nov2021-200x300.jpeg 200w, https:\/\/www.lauftria-hsvmelk.at\/wp-content\/uploads\/2021\/11\/HSV-Melk_Foto1_Oetschergraeben-Lauf_14Nov2021.jpeg 719w\" sizes=\"auto, (max-width: 683px) 100vw, 683px\" \/><\/a><\/figure>\n\n\n\n<figure class=\"wp-block-image size-large is-style-default\"><a href=\"https:\/\/www.lauftria-hsvmelk.at\/wp-content\/uploads\/2021\/11\/HSV-Melk_Foto2_Oetschergraeben-Lauf_14Nov2021.jpg\"><img loading=\"lazy\" decoding=\"async\" width=\"1024\" height=\"683\" data-id=\"10676\" src=\"https:\/\/www.lauftria-hsvmelk.at\/wp-content\/uploads\/2021\/11\/HSV-Melk_Foto2_Oetschergraeben-Lauf_14Nov2021.jpg\" alt=\"\" class=\"wp-image-10676\" srcset=\"https:\/\/www.lauftria-hsvmelk.at\/wp-content\/uploads\/2021\/11\/HSV-Melk_Foto2_Oetschergraeben-Lauf_14Nov2021.jpg 1024w, https:\/\/www.lauftria-hsvmelk.at\/wp-content\/uploads\/2021\/11\/HSV-Melk_Foto2_Oetschergraeben-Lauf_14Nov2021-200x133.jpg 200w, https:\/\/www.lauftria-hsvmelk.at\/wp-content\/uploads\/2021\/11\/HSV-Melk_Foto2_Oetschergraeben-Lauf_14Nov2021-768x512.jpg 768w\" sizes=\"auto, (max-width: 1024px) 100vw, 1024px\" \/><\/a><\/figure>\n\n\n\n<figure class=\"wp-block-image size-large is-style-default\"><a href=\"https:\/\/www.lauftria-hsvmelk.at\/wp-content\/uploads\/2021\/11\/HSV-Melk_Foto3_Oetschergraeben-Lauf_14Nov2021.jpg\"><img loading=\"lazy\" decoding=\"async\" width=\"1024\" height=\"682\" data-id=\"10677\" src=\"https:\/\/www.lauftria-hsvmelk.at\/wp-content\/uploads\/2021\/11\/HSV-Melk_Foto3_Oetschergraeben-Lauf_14Nov2021.jpg\" alt=\"\" class=\"wp-image-10677\" srcset=\"https:\/\/www.lauftria-hsvmelk.at\/wp-content\/uploads\/2021\/11\/HSV-Melk_Foto3_Oetschergraeben-Lauf_14Nov2021.jpg 1024w, https:\/\/www.lauftria-hsvmelk.at\/wp-content\/uploads\/2021\/11\/HSV-Melk_Foto3_Oetschergraeben-Lauf_14Nov2021-200x133.jpg 200w, https:\/\/www.lauftria-hsvmelk.at\/wp-content\/uploads\/2021\/11\/HSV-Melk_Foto3_Oetschergraeben-Lauf_14Nov2021-768x512.jpg 768w\" sizes=\"auto, (max-width: 1024px) 100vw, 1024px\" \/><\/a><\/figure>\n\n\n\n<figure class=\"wp-block-image size-large is-style-default\"><a href=\"https:\/\/www.lauftria-hsvmelk.at\/wp-content\/uploads\/2021\/11\/HSV-Melk_Karte-Oetschergraeben-Lauf_14Nov2021.jpg\"><img loading=\"lazy\" decoding=\"async\" width=\"1024\" height=\"700\" data-id=\"10671\" src=\"https:\/\/www.lauftria-hsvmelk.at\/wp-content\/uploads\/2021\/11\/HSV-Melk_Karte-Oetschergraeben-Lauf_14Nov2021-1024x700.jpg\" alt=\"\" class=\"wp-image-10671\" srcset=\"https:\/\/www.lauftria-hsvmelk.at\/wp-content\/uploads\/2021\/11\/HSV-Melk_Karte-Oetschergraeben-Lauf_14Nov2021-1024x700.jpg 1024w, https:\/\/www.lauftria-hsvmelk.at\/wp-content\/uploads\/2021\/11\/HSV-Melk_Karte-Oetschergraeben-Lauf_14Nov2021-200x137.jpg 200w, https:\/\/www.lauftria-hsvmelk.at\/wp-content\/uploads\/2021\/11\/HSV-Melk_Karte-Oetschergraeben-Lauf_14Nov2021-768x525.jpg 768w, https:\/\/www.lauftria-hsvmelk.at\/wp-content\/uploads\/2021\/11\/HSV-Melk_Karte-Oetschergraeben-Lauf_14Nov2021.jpg 1200w\" sizes=\"auto, (max-width: 1024px) 100vw, 1024px\" \/><\/a><\/figure>\n<\/figure>\n","protected":false},"excerpt":{"rendered":"<p>Auch heuer trafen sich wieder einige L\u00e4ufer vom HSV Melk zum allj\u00e4hrlichen vereinsinternen \u00d6tschergr\u00e4benlauf (18,2 km, 600 hm). Fr\u00fch morgens um 7:30 h starteten Thomas Gastecker, Stefan Schweiger und Herbert Sandwieser von Erlaufboden. Zuerst ging es einige hundert H\u00f6henmeter auf den &#8222;B\u00e4rengang&#8220;, weiter auf Forstwegen mit herrlichem Blick auf die S\u00fcdseite des \u00d6tschers und abschlie\u00dfend [&hellip;]<\/p>\n","protected":false},"author":5,"featured_media":0,"comment_status":"closed","ping_status":"closed","sticky":false,"template":"","format":"standard","meta":{"footnotes":""},"categories":[1],"tags":[30,35,33],"class_list":["post-10660","post","type-post","status-publish","format-standard","hentry","category-vereinsleben","tag-herbert-sandwieser","tag-stefan-schweiger","tag-thomas-gastecker"],"_links":{"self":[{"href":"https:\/\/www.lauftria-hsvmelk.at\/index.php?rest_route=\/wp\/v2\/posts\/10660","targetHints":{"allow":["GET"]}}],"collection":[{"href":"https:\/\/www.lauftria-hsvmelk.at\/index.php?rest_route=\/wp\/v2\/posts"}],"about":[{"href":"https:\/\/www.lauftria-hsvmelk.at\/index.php?rest_route=\/wp\/v2\/types\/post"}],"author":[{"embeddable":true,"href":"https:\/\/www.lauftria-hsvmelk.at\/index.php?rest_route=\/wp\/v2\/users\/5"}],"replies":[{"embeddable":true,"href":"https:\/\/www.lauftria-hsvmelk.at\/index.php?rest_route=%2Fwp%2Fv2%2Fcomments&post=10660"}],"version-history":[{"count":0,"href":"https:\/\/www.lauftria-hsvmelk.at\/index.php?rest_route=\/wp\/v2\/posts\/10660\/revisions"}],"wp:attachment":[{"href":"https:\/\/www.lauftria-hsvmelk.at\/index.php?rest_route=%2Fwp%2Fv2%2Fmedia&parent=10660"}],"wp:term":[{"taxonomy":"category","embeddable":true,"href":"https:\/\/www.lauftria-hsvmelk.at\/index.php?rest_route=%2Fwp%2Fv2%2Fcategories&post=10660"},{"taxonomy":"post_tag","embeddable":true,"href":"https:\/\/www.lauftria-hsvmelk.at\/index.php?rest_route=%2Fwp%2Fv2%2Ftags&post=10660"}],"curies":[{"name":"wp","href":"https:\/\/api.w.org\/{rel}","templated":true}]}}