{"id":15035,"date":"2026-04-25T15:00:00","date_gmt":"2026-04-25T13:00:00","guid":{"rendered":"https:\/\/www.lauftria-hsvmelk.at\/?p=15035"},"modified":"2026-04-28T17:03:56","modified_gmt":"2026-04-28T15:03:56","slug":"stadtlauf-waidhofen-ybbs-2026","status":"publish","type":"post","link":"https:\/\/www.lauftria-hsvmelk.at\/?p=15035","title":{"rendered":"Stadtlauf Waidhofen\/Ybbs 2026"},"content":{"rendered":"\n<figure class=\"wp-block-image size-large\"><a href=\"https:\/\/www.lauftria-hsvmelk.at\/wp-content\/uploads\/2026\/04\/Waidhofner-Stadtlauf-2026_Start.jpg\" target=\"_blank\" rel=\" noreferrer noopener\"><img loading=\"lazy\" decoding=\"async\" width=\"1024\" height=\"575\" src=\"https:\/\/www.lauftria-hsvmelk.at\/wp-content\/uploads\/2026\/04\/Waidhofner-Stadtlauf-2026_Start-1024x575.jpg\" alt=\"\" class=\"wp-image-15051\" srcset=\"https:\/\/www.lauftria-hsvmelk.at\/wp-content\/uploads\/2026\/04\/Waidhofner-Stadtlauf-2026_Start-1024x575.jpg 1024w, https:\/\/www.lauftria-hsvmelk.at\/wp-content\/uploads\/2026\/04\/Waidhofner-Stadtlauf-2026_Start-200x112.jpg 200w, https:\/\/www.lauftria-hsvmelk.at\/wp-content\/uploads\/2026\/04\/Waidhofner-Stadtlauf-2026_Start-768x432.jpg 768w, https:\/\/www.lauftria-hsvmelk.at\/wp-content\/uploads\/2026\/04\/Waidhofner-Stadtlauf-2026_Start.jpg 1500w\" sizes=\"auto, (max-width: 1024px) 100vw, 1024px\" \/><\/a><\/figure>\n\n\n\n<figure class=\"wp-block-gallery has-nested-images columns-default is-cropped wp-block-gallery-1 is-layout-flex wp-block-gallery-is-layout-flex\">\n<figure class=\"wp-block-image size-large\"><a href=\"https:\/\/www.lauftria-hsvmelk.at\/wp-content\/uploads\/2026\/04\/Waidhofner-Stadtlauf-2026_Gastecker.jpg\" target=\"_blank\" rel=\" noreferrer noopener\"><img loading=\"lazy\" decoding=\"async\" width=\"768\" height=\"1024\" data-id=\"15053\" src=\"https:\/\/www.lauftria-hsvmelk.at\/wp-content\/uploads\/2026\/04\/Waidhofner-Stadtlauf-2026_Gastecker-768x1024.jpg\" alt=\"\" class=\"wp-image-15053\" srcset=\"https:\/\/www.lauftria-hsvmelk.at\/wp-content\/uploads\/2026\/04\/Waidhofner-Stadtlauf-2026_Gastecker-768x1024.jpg 768w, https:\/\/www.lauftria-hsvmelk.at\/wp-content\/uploads\/2026\/04\/Waidhofner-Stadtlauf-2026_Gastecker-200x267.jpg 200w, https:\/\/www.lauftria-hsvmelk.at\/wp-content\/uploads\/2026\/04\/Waidhofner-Stadtlauf-2026_Gastecker.jpg 1125w\" sizes=\"auto, (max-width: 768px) 100vw, 768px\" \/><\/a><\/figure>\n\n\n\n<figure class=\"wp-block-image size-large\"><a href=\"https:\/\/www.lauftria-hsvmelk.at\/wp-content\/uploads\/2026\/04\/Waidhofner-Stadtlauf-2026_Sandwieser.jpg\" target=\"_blank\" rel=\" noreferrer noopener\"><img loading=\"lazy\" decoding=\"async\" width=\"768\" height=\"1024\" data-id=\"15054\" src=\"https:\/\/www.lauftria-hsvmelk.at\/wp-content\/uploads\/2026\/04\/Waidhofner-Stadtlauf-2026_Sandwieser-768x1024.jpg\" alt=\"\" class=\"wp-image-15054\" srcset=\"https:\/\/www.lauftria-hsvmelk.at\/wp-content\/uploads\/2026\/04\/Waidhofner-Stadtlauf-2026_Sandwieser-768x1024.jpg 768w, https:\/\/www.lauftria-hsvmelk.at\/wp-content\/uploads\/2026\/04\/Waidhofner-Stadtlauf-2026_Sandwieser-200x267.jpg 200w, https:\/\/www.lauftria-hsvmelk.at\/wp-content\/uploads\/2026\/04\/Waidhofner-Stadtlauf-2026_Sandwieser.jpg 1125w\" sizes=\"auto, (max-width: 768px) 100vw, 768px\" \/><\/a><\/figure>\n<\/figure>\n\n\n\n<p>Bei der 41. Auflage des Stadtlaufes in Waidhofen an der Ybbs mussten die Athleten bei fr\u00fchsommerlichen Temperaturen 6,1 km bew\u00e4ltigen. An der Startlinie standen auch 2 L\u00e4ufer vom HSV Melk.<\/p>\n\n\n\n<p>Herbert Sandwieser hielt sich in der 1. von 4 Runden etwas zur\u00fcck. In der zweiten Rennh\u00e4lfte konnte er noch 10 Kontrahenten \u00fcberholen. Er beendete den Bewerb nach 22:58 min als 14. der Gesamtwertung (2. M50).<\/p>\n\n\n\n<p>Thomas Gastecker fuhr zum &#8222;aufw\u00e4rmen&#8220; mit dem Rad von Purgstall nach Waidhofen. Er finishte nach 23:20 min als gesamt 18. und erreichte den 4. Rang in der M50.<br>Den Sieg holten sich die beiden Lokalmatadoren Damjan Eror in 19:09 min und Jana Recinsky in 24:07 min.<\/p>\n\n\n\n<p><\/p>\n\n\n\n<p><a href=\"https:\/\/my.raceresult.com\/361917\/results#0_0D6FAD\" target=\"_blank\" rel=\"noreferrer noopener\">zur Ergebnisliste<\/a><\/p>\n","protected":false},"excerpt":{"rendered":"<p>Bei der 41. Auflage des Stadtlaufes in Waidhofen an der Ybbs mussten die Athleten bei fr\u00fchsommerlichen Temperaturen 6,1 km bew\u00e4ltigen. An der Startlinie standen auch 2 L\u00e4ufer vom HSV Melk. Herbert Sandwieser hielt sich in der 1. von 4 Runden etwas zur\u00fcck. In der zweiten Rennh\u00e4lfte konnte er noch 10 Kontrahenten \u00fcberholen. Er beendete den [&hellip;]<\/p>\n","protected":false},"author":2,"featured_media":0,"comment_status":"closed","ping_status":"closed","sticky":false,"template":"","format":"standard","meta":{"footnotes":""},"categories":[2],"tags":[],"class_list":["post-15035","post","type-post","status-publish","format-standard","hentry","category-lauf"],"_links":{"self":[{"href":"https:\/\/www.lauftria-hsvmelk.at\/index.php?rest_route=\/wp\/v2\/posts\/15035","targetHints":{"allow":["GET"]}}],"collection":[{"href":"https:\/\/www.lauftria-hsvmelk.at\/index.php?rest_route=\/wp\/v2\/posts"}],"about":[{"href":"https:\/\/www.lauftria-hsvmelk.at\/index.php?rest_route=\/wp\/v2\/types\/post"}],"author":[{"embeddable":true,"href":"https:\/\/www.lauftria-hsvmelk.at\/index.php?rest_route=\/wp\/v2\/users\/2"}],"replies":[{"embeddable":true,"href":"https:\/\/www.lauftria-hsvmelk.at\/index.php?rest_route=%2Fwp%2Fv2%2Fcomments&post=15035"}],"version-history":[{"count":7,"href":"https:\/\/www.lauftria-hsvmelk.at\/index.php?rest_route=\/wp\/v2\/posts\/15035\/revisions"}],"predecessor-version":[{"id":15068,"href":"https:\/\/www.lauftria-hsvmelk.at\/index.php?rest_route=\/wp\/v2\/posts\/15035\/revisions\/15068"}],"wp:attachment":[{"href":"https:\/\/www.lauftria-hsvmelk.at\/index.php?rest_route=%2Fwp%2Fv2%2Fmedia&parent=15035"}],"wp:term":[{"taxonomy":"category","embeddable":true,"href":"https:\/\/www.lauftria-hsvmelk.at\/index.php?rest_route=%2Fwp%2Fv2%2Fcategories&post=15035"},{"taxonomy":"post_tag","embeddable":true,"href":"https:\/\/www.lauftria-hsvmelk.at\/index.php?rest_route=%2Fwp%2Fv2%2Ftags&post=15035"}],"curies":[{"name":"wp","href":"https:\/\/api.w.org\/{rel}","templated":true}]}}