{"id":5349,"date":"2017-01-15T20:31:53","date_gmt":"2017-01-15T18:31:53","guid":{"rendered":"http:\/\/www.lauftria-hsvmelk.at\/?p=5349"},"modified":"2017-02-22T09:58:49","modified_gmt":"2017-02-22T07:58:49","slug":"kremser-crosslauf-1-lauf-des-p3tv-4-staedte-cross-cup","status":"publish","type":"post","link":"https:\/\/www.lauftria-hsvmelk.at\/?p=5349","title":{"rendered":"Kremser Crosslauf (1. Lauf des P3tv 4-St\u00e4dte Cross-Cup)"},"content":{"rendered":"<p>Die Bedingungen beim Er\u00f6ffnungslauf des\u00a04-St\u00e4dte Cross-Cup 2017 waren mit Temperaturen knapp \u00fcber dem Gefrierpunkt sehr gut, perfekt f\u00fcr einen Crosslauf.<br \/>\nUm 10 Uhr erfolgte der Start f\u00fcr den Sch\u00fclerlauf (1,5 km), der Hauptlauf (5,5 km) begann um Punkt 10:30 Uhr.<\/p>\n<p><a href=\"https:\/\/www.lauftria-hsvmelk.at\/wp-content\/uploads\/2017\/01\/CL-Krems17_Start-Hauptlauf.jpg\"><img loading=\"lazy\" decoding=\"async\" class=\"alignnone size-large wp-image-5353\" src=\"https:\/\/www.lauftria-hsvmelk.at\/wp-content\/uploads\/2017\/01\/CL-Krems17_Start-Hauptlauf-1024x683.jpg\" alt=\"\" width=\"474\" height=\"316\" \/><\/a><\/p>\n<p>Rennen Herren:<br \/>\nMit Wolfgang Hiller hatte team2run ULV Krems ein hei\u00dfes Eisen im Kampf um den Sieg am Start. Er lief kontrolliert einen ungef\u00e4hrdeten Sieg nach Hause. Den zweiten Platz sicherte sich Stefan MAYERHOFER, dritter wurde Daniel PUNZ, ganz knapp vor Christoph P\u00d6LZGUTTER.<\/p>\n<p>Rennen Damen:<br \/>\nViktoria SCHENK konnte sich gleich von Beginn von den restlichen Damen deutlich absetzen und feierte einen ungef\u00e4hrdeten Sieg. Viktoria: &#8222;Einer meiner wohl besten Leistungen bei einem Crosslauf!&#8220;. Zweite wurde Lokalmatadorin Simone F\u00dcRNKRANZ und dritte wurde Vorjahressiegerin Franziska F\u00dcSSELSBERGER.<br \/>\nInsgesamt waren 168 L\u00e4ufer und L\u00e4uferinnen am Start (Hauptlauf 138, Sch\u00fclerlauf 30).<\/p>\n<p><a href=\"https:\/\/www.lauftria-hsvmelk.at\/wp-content\/uploads\/2017\/01\/CL-Krems17_Siegertrio.jpg\"><img loading=\"lazy\" decoding=\"async\" class=\"alignnone size-large wp-image-5357\" src=\"https:\/\/www.lauftria-hsvmelk.at\/wp-content\/uploads\/2017\/01\/CL-Krems17_Siegertrio-1024x683.jpg\" alt=\"\" width=\"474\" height=\"316\" \/><\/a><\/p>\n<p>Von den 3 teilnehmenden Athleten vom <strong>HSV Melk<\/strong> erreichte <span style=\"color: #ff0000;\">Stefan Schweiger<\/span> mit dem 10. Gesamtrang (3. M30) die beste Platzierung in diesem Top-Feld. Er \u00fcberschritt die Ziellinie mit der Endzeit von 19:52. Drei Platzierungen dahinter\u00a0erreichte sein Vereinskollege <span style=\"color: #ff0000;\">Herbert Sandwieser<\/span>\u00a0nach 20:20 das Finish (2. M40). <span style=\"color: #ff0000;\">Karl Miedler<\/span> ben\u00f6tigte 22:45 und beendete den Lauf als gesamt 39. (1. M60).<\/p>\n<p><a href=\"https:\/\/www.lauftria-hsvmelk.at\/wp-content\/uploads\/2017\/01\/CL-Krems17_HSV-Melk.jpg\"><img loading=\"lazy\" decoding=\"async\" class=\"alignnone size-large wp-image-5354\" src=\"https:\/\/www.lauftria-hsvmelk.at\/wp-content\/uploads\/2017\/01\/CL-Krems17_HSV-Melk-1024x683.jpg\" alt=\"\" width=\"474\" height=\"316\" \/><\/a><\/p>\n<p><div id='gallery-1' class='gallery galleryid-5349 gallery-columns-5 gallery-size-thumbnail'><figure class='gallery-item'>\n\t\t\t<div class='gallery-icon landscape'>\n\t\t\t\t<a href='https:\/\/www.lauftria-hsvmelk.at\/wp-content\/uploads\/2017\/01\/CL-Krems17_Start-Stefan-und-Herbert.jpg'><img loading=\"lazy\" decoding=\"async\" width=\"150\" height=\"150\" src=\"https:\/\/www.lauftria-hsvmelk.at\/wp-content\/uploads\/2017\/01\/CL-Krems17_Start-Stefan-und-Herbert-150x150.jpg\" class=\"attachment-thumbnail size-thumbnail\" alt=\"\" \/><\/a>\n\t\t\t<\/div><\/figure><figure class='gallery-item'>\n\t\t\t<div class='gallery-icon landscape'>\n\t\t\t\t<a href='https:\/\/www.lauftria-hsvmelk.at\/wp-content\/uploads\/2017\/01\/CL-Krems17_Schweiger.jpg'><img loading=\"lazy\" decoding=\"async\" width=\"150\" height=\"150\" src=\"https:\/\/www.lauftria-hsvmelk.at\/wp-content\/uploads\/2017\/01\/CL-Krems17_Schweiger-150x150.jpg\" class=\"attachment-thumbnail size-thumbnail\" alt=\"\" \/><\/a>\n\t\t\t<\/div><\/figure><figure class='gallery-item'>\n\t\t\t<div class='gallery-icon portrait'>\n\t\t\t\t<a href='https:\/\/www.lauftria-hsvmelk.at\/wp-content\/uploads\/2017\/01\/CL-Krems17_Sandwieser.jpg'><img loading=\"lazy\" decoding=\"async\" width=\"150\" height=\"150\" src=\"https:\/\/www.lauftria-hsvmelk.at\/wp-content\/uploads\/2017\/01\/CL-Krems17_Sandwieser-150x150.jpg\" class=\"attachment-thumbnail size-thumbnail\" alt=\"\" \/><\/a>\n\t\t\t<\/div><\/figure><figure class='gallery-item'>\n\t\t\t<div class='gallery-icon landscape'>\n\t\t\t\t<a href='https:\/\/www.lauftria-hsvmelk.at\/wp-content\/uploads\/2017\/01\/CL-Krems17_Miedler.jpg'><img loading=\"lazy\" decoding=\"async\" width=\"150\" height=\"150\" src=\"https:\/\/www.lauftria-hsvmelk.at\/wp-content\/uploads\/2017\/01\/CL-Krems17_Miedler-150x150.jpg\" class=\"attachment-thumbnail size-thumbnail\" alt=\"\" \/><\/a>\n\t\t\t<\/div><\/figure>\n\t\t<\/div>\n<br \/>\nM\u00e4nner:<br \/>\n<span style=\"font-size: 10pt;\">1. Hiller Wolfgang 0:18:40,89<\/span><br \/>\n<span style=\"font-size: 10pt;\"> 2. Mayerhofer Stefan 0:18:46,62<\/span><br \/>\n<span style=\"font-size: 10pt;\"> 3. Punz Daniel 0:18:53,44<\/span><br \/>\n<span style=\"font-size: 10pt;\"> 4. P\u00f6lzgutter Christoph 0:18:54,53<\/span><br \/>\n<span style=\"font-size: 10pt;\"> 5. Silberbauer Hannes 0:19:11,45<\/span><br \/>\n<span style=\"font-size: 10pt;\"> 6. Heigl Thomas 0:19:31,04<\/span><\/p>\n<p>Damen:<br \/>\n<span style=\"font-size: 10pt;\">1. Schenk Victoria 0:19:45,40<\/span><br \/>\n<span style=\"font-size: 10pt;\"> 2. F\u00fcrnkranz Simone 0:20:45,27<\/span><br \/>\n<span style=\"font-size: 10pt;\"> 3. F\u00fcsselsberger Franziska 0:21:12,47<\/span><br \/>\n<span style=\"font-size: 10pt;\"> 4. Waxenecker Helene 0:23:07,24<\/span><br \/>\n<span style=\"font-size: 10pt;\"> 5. Resch Lucia 0:23:30,76<\/span><br \/>\n<span style=\"font-size: 10pt;\"> 6. Fedrizzi Julia 0:23:43,55<\/span><\/p>\n<p><span style=\"background-color: #ffff99;\"><a style=\"background-color: #ffff99;\" href=\"http:\/\/www.crosscup.at\/ergebnisse\/ergebnisse-2017.html\" target=\"_blank\">zur Ergebnisliste<\/a><\/span><\/p>\n<p><span style=\"background-color: #ffff99;\"><a style=\"background-color: #ffff99;\" href=\"http:\/\/www.p3tv.at\/webtv\/7666-start-zum-4-staedte-p3tv-cross-cup\" target=\"_blank\">zum P3tv-Sendebericht<\/a><\/span><\/p>\n","protected":false},"excerpt":{"rendered":"<p>Die Bedingungen beim Er\u00f6ffnungslauf des\u00a04-St\u00e4dte Cross-Cup 2017 waren mit Temperaturen knapp \u00fcber dem Gefrierpunkt sehr gut, perfekt f\u00fcr einen Crosslauf. Um 10 Uhr erfolgte der Start f\u00fcr den Sch\u00fclerlauf (1,5 km), der Hauptlauf (5,5 km) begann um Punkt 10:30 Uhr. Rennen Herren: Mit Wolfgang Hiller hatte team2run ULV Krems ein hei\u00dfes Eisen im Kampf um [&hellip;]<\/p>\n","protected":false},"author":3,"featured_media":0,"comment_status":"closed","ping_status":"closed","sticky":false,"template":"","format":"standard","meta":{"footnotes":""},"categories":[76,2],"tags":[59,30,73,140,35,41],"class_list":["post-5349","post","type-post","status-publish","format-standard","hentry","category-crosscup","category-lauf","tag-daniel-punz","tag-herbert-sandwieser","tag-karl-miedler","tag-stefan-mayerhofer","tag-stefan-schweiger","tag-wolfgang-hiller"],"_links":{"self":[{"href":"https:\/\/www.lauftria-hsvmelk.at\/index.php?rest_route=\/wp\/v2\/posts\/5349","targetHints":{"allow":["GET"]}}],"collection":[{"href":"https:\/\/www.lauftria-hsvmelk.at\/index.php?rest_route=\/wp\/v2\/posts"}],"about":[{"href":"https:\/\/www.lauftria-hsvmelk.at\/index.php?rest_route=\/wp\/v2\/types\/post"}],"author":[{"embeddable":true,"href":"https:\/\/www.lauftria-hsvmelk.at\/index.php?rest_route=\/wp\/v2\/users\/3"}],"replies":[{"embeddable":true,"href":"https:\/\/www.lauftria-hsvmelk.at\/index.php?rest_route=%2Fwp%2Fv2%2Fcomments&post=5349"}],"version-history":[{"count":0,"href":"https:\/\/www.lauftria-hsvmelk.at\/index.php?rest_route=\/wp\/v2\/posts\/5349\/revisions"}],"wp:attachment":[{"href":"https:\/\/www.lauftria-hsvmelk.at\/index.php?rest_route=%2Fwp%2Fv2%2Fmedia&parent=5349"}],"wp:term":[{"taxonomy":"category","embeddable":true,"href":"https:\/\/www.lauftria-hsvmelk.at\/index.php?rest_route=%2Fwp%2Fv2%2Fcategories&post=5349"},{"taxonomy":"post_tag","embeddable":true,"href":"https:\/\/www.lauftria-hsvmelk.at\/index.php?rest_route=%2Fwp%2Fv2%2Ftags&post=5349"}],"curies":[{"name":"wp","href":"https:\/\/api.w.org\/{rel}","templated":true}]}}