{"id":5401,"date":"2017-01-29T15:14:31","date_gmt":"2017-01-29T13:14:31","guid":{"rendered":"http:\/\/www.lauftria-hsvmelk.at\/?p=5401"},"modified":"2017-02-01T12:46:28","modified_gmt":"2017-02-01T10:46:28","slug":"amstettner-crosslauf-2-lauf-des-p3tv-4-staedte-cross-cup","status":"publish","type":"post","link":"https:\/\/www.lauftria-hsvmelk.at\/?p=5401","title":{"rendered":"Amstettner Crosslauf (2. Lauf des P3tv 4-St\u00e4dte Cross-Cup)"},"content":{"rendered":"<p>Bei tief winterlichen Verh\u00e4ltnissen standen beim Sch\u00fcler- und Hauptlauf gesamt 190 Teilnehmer am Start. Die schneebedeckte Strecke wurde vom Organisationsteam sehr gut pr\u00e4pariert, der Kurs war auch ohne \u201eSpikes\u201c gut zu laufen.<\/p>\n<p>Im Starterfeld des <strong>Hauptlaufes<\/strong> \u00fcber 3 Runden mit gesamt 5,55 km waren zahlreiche Top-L\u00e4ufer aus der Region zu finden. Der Favorit und Lokalmatador Klaus Vogl (LCA Umdasch Amstetten) feierte in 18:56 einen souver\u00e4nen Sieg und verbesserte seinen Streckenrekord vom Vorjahr um 2 Sekunden. Martin Hofbauer (team2run) und Stefan Mayerhofer (USKO Melk) folgten auf den Pl\u00e4tzen 2 und 3. Bei den Damen konnte Victoria Schenk (Heilsportpraxis.at\/SU Waidh.\/Y) ihren Vorjahressieg mit der Topzeit von 20:58 wiederholen.<\/p>\n<p><a href=\"https:\/\/www.lauftria-hsvmelk.at\/wp-content\/uploads\/2017\/01\/CL-Amstetten-2017_Start.jpg\"><img loading=\"lazy\" decoding=\"async\" class=\"alignnone size-large wp-image-5408\" src=\"https:\/\/www.lauftria-hsvmelk.at\/wp-content\/uploads\/2017\/01\/CL-Amstetten-2017_Start-1024x682.jpg\" alt=\"\" width=\"474\" height=\"316\" \/><\/a><\/p>\n<p>Vom HSV Melk nahmen 6 Athleten teil. <span style=\"color: #ff0000;\">Stefan Schweiger<\/span> erreichte mit der Endzeit von 20:54 den 13. Gesamtrang (4. M30). 3 Pl\u00e4tze dahinter \u00fcberschritt <span style=\"color: #ff0000;\">Herbert Sandwieser<\/span> nach 21:21 die Ziellinie (4. M40). <span style=\"color: #ff0000;\">Thomas Gastecker<\/span> ben\u00f6tigte 21:46 und wurde gesamt 19. (6. M40). <span style=\"color: #ff0000;\">Karl Miedler<\/span> sicherte sich mit der Endzeit von 23:43 den Klassensieg in der M60. <span style=\"color: #ff0000;\">Sabine Gastecker<\/span> holte sich mit der Zeit von 25:36 den Sieg in der W40. <span style=\"color: #ff0000;\">\u00dcnsal Cemen<\/span> finishte nach 28:54 als 105. der Gesamtwertung.<\/p>\n<p><a href=\"https:\/\/www.lauftria-hsvmelk.at\/wp-content\/uploads\/2017\/01\/CL-Amstetten2017_HSV-Team.jpg\"><img loading=\"lazy\" decoding=\"async\" class=\"alignnone size-large wp-image-5412\" src=\"https:\/\/www.lauftria-hsvmelk.at\/wp-content\/uploads\/2017\/01\/CL-Amstetten2017_HSV-Team-1024x683.jpg\" alt=\"\" width=\"474\" height=\"316\" \/><\/a><\/p>\n<p>Den <strong>Sch\u00fclerlauf<\/strong> \u00fcber 1,85 km entschied Stefan Scheiflinger (USKO Melk) mit dem neuen Streckenrekord von 6:42 knapp vor Niklas Keller (RATS Amstetten SU) f\u00fcr sich. Beste Sch\u00fclerin wurde Katharina G\u00f6tschl (LC Mank) mit der Zeit von 7:36.<\/p>\n<p><a href=\"https:\/\/www.lauftria-hsvmelk.at\/wp-content\/uploads\/2017\/01\/CL-Amstetten-2017_Start_Schueler.jpg\"><img loading=\"lazy\" decoding=\"async\" class=\"alignnone size-large wp-image-5407\" src=\"https:\/\/www.lauftria-hsvmelk.at\/wp-content\/uploads\/2017\/01\/CL-Amstetten-2017_Start_Schueler-1024x682.jpg\" alt=\"\" width=\"474\" height=\"316\" \/><\/a><\/p>\n<p>Das Amstettner \u201eHeilsport-Team\u201c um Reinhard Gruber, Daniel Punz und Christian Gangl punktete mit einer Top-Organisation. In drei Wochen folgt der dritte Lauf des 4-St\u00e4dte Cross-Cups in <strong><span style=\"background-color: #ffff99;\">St. P\u00f6lten (19.2.)<\/span><\/strong> gefolgt vom Cup-Finale in <span style=\"background-color: #ffff99;\"><strong>Melk (5.3.)<\/strong><\/span>.<\/p>\n<p><a href=\"http:\/\/www.crosscup.at\/ergebnisse\/ergebnisse-2017.html\" target=\"_blank\">zur Ergebnisliste<\/a><\/p>\n<p><a href=\"http:\/\/www.deinsportfoto.at\/29012017amstetten.htm\" target=\"_blank\">zu den Fotos<\/a><\/p>\n<p><a href=\"http:\/\/www.p3tv.at\/webtv\/7695-crosslauf-in-amstetten-die-zweite\" target=\"_blank\"><span style=\"color: #0000ff;\">zum P3tv-Sendebericht<\/span><\/a><\/p>\n","protected":false},"excerpt":{"rendered":"<p>Bei tief winterlichen Verh\u00e4ltnissen standen beim Sch\u00fcler- und Hauptlauf gesamt 190 Teilnehmer am Start. Die schneebedeckte Strecke wurde vom Organisationsteam sehr gut pr\u00e4pariert, der Kurs war auch ohne \u201eSpikes\u201c gut zu laufen. Im Starterfeld des Hauptlaufes \u00fcber 3 Runden mit gesamt 5,55 km waren zahlreiche Top-L\u00e4ufer aus der Region zu finden. Der Favorit und Lokalmatador [&hellip;]<\/p>\n","protected":false},"author":2,"featured_media":0,"comment_status":"closed","ping_status":"closed","sticky":false,"template":"","format":"standard","meta":{"footnotes":""},"categories":[76,2],"tags":[103,59,30,73,115,78,90,112,38,140,35,33,131,100],"class_list":["post-5401","post","type-post","status-publish","format-standard","hentry","category-crosscup","category-lauf","tag-christian-gangl","tag-daniel-punz","tag-herbert-sandwieser","tag-karl-miedler","tag-katharina-goetschl","tag-klaus-vogl","tag-martin-hofbauer","tag-reinhard-gruber","tag-sabine-gastecker","tag-stefan-mayerhofer","tag-stefan-schweiger","tag-thomas-gastecker","tag-uensal-cemen","tag-victoria-schenk"],"_links":{"self":[{"href":"https:\/\/www.lauftria-hsvmelk.at\/index.php?rest_route=\/wp\/v2\/posts\/5401","targetHints":{"allow":["GET"]}}],"collection":[{"href":"https:\/\/www.lauftria-hsvmelk.at\/index.php?rest_route=\/wp\/v2\/posts"}],"about":[{"href":"https:\/\/www.lauftria-hsvmelk.at\/index.php?rest_route=\/wp\/v2\/types\/post"}],"author":[{"embeddable":true,"href":"https:\/\/www.lauftria-hsvmelk.at\/index.php?rest_route=\/wp\/v2\/users\/2"}],"replies":[{"embeddable":true,"href":"https:\/\/www.lauftria-hsvmelk.at\/index.php?rest_route=%2Fwp%2Fv2%2Fcomments&post=5401"}],"version-history":[{"count":0,"href":"https:\/\/www.lauftria-hsvmelk.at\/index.php?rest_route=\/wp\/v2\/posts\/5401\/revisions"}],"wp:attachment":[{"href":"https:\/\/www.lauftria-hsvmelk.at\/index.php?rest_route=%2Fwp%2Fv2%2Fmedia&parent=5401"}],"wp:term":[{"taxonomy":"category","embeddable":true,"href":"https:\/\/www.lauftria-hsvmelk.at\/index.php?rest_route=%2Fwp%2Fv2%2Fcategories&post=5401"},{"taxonomy":"post_tag","embeddable":true,"href":"https:\/\/www.lauftria-hsvmelk.at\/index.php?rest_route=%2Fwp%2Fv2%2Ftags&post=5401"}],"curies":[{"name":"wp","href":"https:\/\/api.w.org\/{rel}","templated":true}]}}