{"id":5934,"date":"2017-08-12T18:00:31","date_gmt":"2017-08-12T16:00:31","guid":{"rendered":"http:\/\/www.lauftria-hsvmelk.at\/?p=5934"},"modified":"2017-08-14T08:25:54","modified_gmt":"2017-08-14T06:25:54","slug":"luftstrecke-mank-mtb-hobby-trophy-5","status":"publish","type":"post","link":"https:\/\/www.lauftria-hsvmelk.at\/?p=5934","title":{"rendered":"Luftstrecke Mank (MTB Hobby Trophy)"},"content":{"rendered":"<p>Beim 20 j\u00e4hrigen Jubil\u00e4um fanden die Athleten auf der Luftstrecke gute \u00e4u\u00dfere Bedingungen vor. Beim Hauptbewerb (Medium Distanz) mussten die 100 Teilnehmer 41 km mit 1.100 H\u00f6henmeter bew\u00e4ltigen.<\/p>\n<p>Markus Benesch (Nora racing team) holte sich mit der Endzeit von 1:47:22 den Tagessieg.<br \/>\nDer HSV Melk &#8211; Athlet <span style=\"color: #ff0000;\">Wolfgang Aigelsreiter<\/span> sicherte sich nach 1:51:23 den guten 6. Gesamtrang (3. M40).<br \/>\nSein Vereinskollege <span style=\"color: #ff0000;\">Thomas Gastecker<\/span> hatte eine Reifenpanne, finishte trotzdem als gesamt 26. (9. M40) mit der Endzeit von 2:03:53.<\/p>\n<p><a href=\"https:\/\/www.lauftria-hsvmelk.at\/wp-content\/uploads\/2017\/08\/Mank-MTB-2017_Aigi_1024.jpg\"><img loading=\"lazy\" decoding=\"async\" class=\"alignnone size-large wp-image-5935\" src=\"https:\/\/www.lauftria-hsvmelk.at\/wp-content\/uploads\/2017\/08\/Mank-MTB-2017_Aigi_1024-1024x683.jpg\" alt=\"\" width=\"474\" height=\"316\" \/><\/a><\/p>\n<p><a href=\"http:\/\/www.pflanzl.info\/Seiten\/Results\/Results_PDF2017\/20170812Mank\/20170812Mank_M_OV.pdf\" target=\"_blank\" rel=\"noopener noreferrer\">zur Ergebnisliste<\/a><\/p>\n","protected":false},"excerpt":{"rendered":"<p>Beim 20 j\u00e4hrigen Jubil\u00e4um fanden die Athleten auf der Luftstrecke gute \u00e4u\u00dfere Bedingungen vor. Beim Hauptbewerb (Medium Distanz) mussten die 100 Teilnehmer 41 km mit 1.100 H\u00f6henmeter bew\u00e4ltigen. Markus Benesch (Nora racing team) holte sich mit der Endzeit von 1:47:22 den Tagessieg. Der HSV Melk &#8211; Athlet Wolfgang Aigelsreiter sicherte sich nach 1:51:23 den guten [&hellip;]<\/p>\n","protected":false},"author":2,"featured_media":0,"comment_status":"closed","ping_status":"closed","sticky":false,"template":"","format":"standard","meta":{"footnotes":""},"categories":[5,7],"tags":[55,33,31],"class_list":["post-5934","post","type-post","status-publish","format-standard","hentry","category-mountainbike","category-rad","tag-markus-benesch","tag-thomas-gastecker","tag-wolfgang-aigelsreiter"],"_links":{"self":[{"href":"https:\/\/www.lauftria-hsvmelk.at\/index.php?rest_route=\/wp\/v2\/posts\/5934","targetHints":{"allow":["GET"]}}],"collection":[{"href":"https:\/\/www.lauftria-hsvmelk.at\/index.php?rest_route=\/wp\/v2\/posts"}],"about":[{"href":"https:\/\/www.lauftria-hsvmelk.at\/index.php?rest_route=\/wp\/v2\/types\/post"}],"author":[{"embeddable":true,"href":"https:\/\/www.lauftria-hsvmelk.at\/index.php?rest_route=\/wp\/v2\/users\/2"}],"replies":[{"embeddable":true,"href":"https:\/\/www.lauftria-hsvmelk.at\/index.php?rest_route=%2Fwp%2Fv2%2Fcomments&post=5934"}],"version-history":[{"count":0,"href":"https:\/\/www.lauftria-hsvmelk.at\/index.php?rest_route=\/wp\/v2\/posts\/5934\/revisions"}],"wp:attachment":[{"href":"https:\/\/www.lauftria-hsvmelk.at\/index.php?rest_route=%2Fwp%2Fv2%2Fmedia&parent=5934"}],"wp:term":[{"taxonomy":"category","embeddable":true,"href":"https:\/\/www.lauftria-hsvmelk.at\/index.php?rest_route=%2Fwp%2Fv2%2Fcategories&post=5934"},{"taxonomy":"post_tag","embeddable":true,"href":"https:\/\/www.lauftria-hsvmelk.at\/index.php?rest_route=%2Fwp%2Fv2%2Ftags&post=5934"}],"curies":[{"name":"wp","href":"https:\/\/api.w.org\/{rel}","templated":true}]}}